{"id":21254,"date":"2021-05-04T15:48:16","date_gmt":"2021-05-04T13:48:16","guid":{"rendered":"https:\/\/genesi-elettronica.demonewlogic.it\/non-categorizzato\/30-anniversario-della-genesi\/"},"modified":"2024-09-25T10:08:35","modified_gmt":"2024-09-25T08:08:35","slug":"30-anniversario-della-genesi","status":"publish","type":"post","link":"https:\/\/www.genesi-elettronica.com\/it\/genesi-elettronica-it\/30-anniversario-della-genesi\/","title":{"rendered":"30\u00b0 Anniversario della Genesi"},"content":{"rendered":"\t\t<div data-elementor-type=\"wp-post\" data-elementor-id=\"21254\" class=\"elementor elementor-21254 elementor-18668\">\n\t\t\t\t<div class=\"elementor-element elementor-element-27534f84 e-flex e-con-boxed e-con e-parent\" data-id=\"27534f84\" data-element_type=\"container\" data-e-type=\"container\" data-settings=\"{&quot;wcf_enable_cursor_hover_effect_text&quot;:&quot;View&quot;,&quot;wcf_pin_breakpoint&quot;:&quot;mobile&quot;,&quot;wcf-animation&quot;:&quot;none&quot;}\">\n\t\t\t\t\t<div class=\"e-con-inner\">\n\t\t\t\t<div class=\"elementor-element elementor-element-54bf8aed wcf-t-animation-none elementor-widget elementor-widget-text-editor\" data-id=\"54bf8aed\" data-element_type=\"widget\" data-e-type=\"widget\" data-settings=\"{&quot;wcf_text_animation&quot;:&quot;none&quot;,&quot;wcf-animation&quot;:&quot;none&quot;}\" data-widget_type=\"text-editor.default\">\n\t\t\t\t<div class=\"elementor-widget-container\">\n\t\t\t\t\t\t\t\t\tQuest\u2019anno ricorre il Trentesimo Anniversario della fondazione di <strong>GENESI<\/strong> (11 gennaio 2021), e ci teniamo a ricordare che il <strong>26 febbraio scorso<\/strong>, i dipendenti hanno preparato una piccola festa, dedicandoci un breve ma \u201ctoccante\u201d articolo su un quotidiano e una celebrazione nell\u2019area cortile dell\u2019azienda\u2026 in pochi istanti ci siamo ritrovati tutti, operai e titolari in cerchio (cercando di rispettare le opportune distanze richieste dal difficile momento storico in cui ci troviamo).\n\nTutto si \u00e8 svolto in tempi molto rapidi, poco meno di un\u2019ora, ma \u00e8 stato denso di eventi: la partecipazione del nostro sindaco Umberto Costantini che ha speso una parola molto gradita sul nostro operato, soprattutto nel periodo Covid 2020 e sulla grande stima che nutre per il nostro modo di fare impresa sul territorio. A fare da cornice alla celebrazione un lancio di palloncini colorati ed infine i dipendenti ci ha regalato una pianta che abbiamo messo in giardino e che speriamo di vedere crescere rigogliosa insieme allo sviluppo della nostra azienda.\n\nAbbiamo iniziato questa avventura <strong>30 anni fa<\/strong>, all&#8217;inizio eravamo due soci e qualche dipendente anno dopo anno l&#8217;azienda \u00e8 cresciuta, negli ultimi sette anni sono stati assunti 28 nuovi dipendenti. Oggi siamo quasi 48 persone e il 40% ha meno di 30 anni. Ogni posizione, anche la pi\u00f9 giovane, d\u00e0 un contributo importante ed \u00e8 supportata e coordinata dalle figure qualificate che lavorano in azienda da molti anni. Insieme collaboriamo per far crescere l&#8217;azienda cercando di garantire un futuro e progetti interessanti ogni giorno.\t\t\t\t\t\t\t\t<\/div>\n\t\t\t\t<\/div>\n\t\t\t\t\t<\/div>\n\t\t\t\t<\/div>\n\t\t\t\t<\/div>\n\t\t","protected":false},"excerpt":{"rendered":"<p>Quest\u2019anno ricorre il Trentesimo Anniversario della fondazione di GENESI (11 gennaio 2021), e ci teniamo a ricordare che il 26 febbraio scorso, i dipendenti hanno preparato una piccola festa, dedicandoci un breve ma \u201ctoccante\u201d articolo su un quotidiano e una celebrazione nell\u2019area cortile dell\u2019azienda\u2026 in pochi istanti ci siamo ritrovati tutti, operai e titolari in [&hellip;]<\/p>\n","protected":false},"author":2,"featured_media":19754,"comment_status":"closed","ping_status":"closed","sticky":false,"template":"","format":"standard","meta":{"_acf_changed":false,"footnotes":""},"categories":[189],"tags":[],"class_list":["post-21254","post","type-post","status-publish","format-standard","has-post-thumbnail","hentry","category-genesi-elettronica-it"],"acf":[],"_links":{"self":[{"href":"https:\/\/www.genesi-elettronica.com\/it\/wp-json\/wp\/v2\/posts\/21254","targetHints":{"allow":["GET"]}}],"collection":[{"href":"https:\/\/www.genesi-elettronica.com\/it\/wp-json\/wp\/v2\/posts"}],"about":[{"href":"https:\/\/www.genesi-elettronica.com\/it\/wp-json\/wp\/v2\/types\/post"}],"author":[{"embeddable":true,"href":"https:\/\/www.genesi-elettronica.com\/it\/wp-json\/wp\/v2\/users\/2"}],"replies":[{"embeddable":true,"href":"https:\/\/www.genesi-elettronica.com\/it\/wp-json\/wp\/v2\/comments?post=21254"}],"version-history":[{"count":0,"href":"https:\/\/www.genesi-elettronica.com\/it\/wp-json\/wp\/v2\/posts\/21254\/revisions"}],"wp:featuredmedia":[{"embeddable":true,"href":"https:\/\/www.genesi-elettronica.com\/it\/wp-json\/wp\/v2\/media\/19754"}],"wp:attachment":[{"href":"https:\/\/www.genesi-elettronica.com\/it\/wp-json\/wp\/v2\/media?parent=21254"}],"wp:term":[{"taxonomy":"category","embeddable":true,"href":"https:\/\/www.genesi-elettronica.com\/it\/wp-json\/wp\/v2\/categories?post=21254"},{"taxonomy":"post_tag","embeddable":true,"href":"https:\/\/www.genesi-elettronica.com\/it\/wp-json\/wp\/v2\/tags?post=21254"}],"curies":[{"name":"wp","href":"https:\/\/api.w.org\/{rel}","templated":true}]}}